{"id":32,"date":"2022-10-12T14:58:36","date_gmt":"2022-10-12T12:58:36","guid":{"rendered":"https:\/\/marradesign.pl\/blog\/?p=32"},"modified":"2023-02-16T08:32:04","modified_gmt":"2023-02-16T07:32:04","slug":"wanna-czy-kabina-prysznicowa-co-wybrac-do-lazienki","status":"publish","type":"post","link":"https:\/\/marradesign.pl\/blog\/wanna-czy-kabina-prysznicowa-co-wybrac-do-lazienki\/","title":{"rendered":"Wanna czy kabina prysznicowa &#8211; co wybra\u0107 do \u0142azienki?"},"content":{"rendered":"\n<p>Urz\u0105dzaj\u0105c \u0142azienk\u0119 od podstaw lub przeprowadzaj\u0105c jej generalny remont, wiele os\u00f3b musi zmierzy\u0107 si\u0119 z dylematem \u2013 <strong>wybra\u0107 kabin\u0119 prysznicow\u0105, czy mo\u017ce jednak wanna b\u0119dzie lepszym rozwi\u0105zaniem?<\/strong> Jak w innych kwestiach dotycz\u0105cych aran\u017cacji wn\u0119trz, tak i w tym przypadku ci\u0119\u017cko o jednoznaczn\u0105 odpowied\u017a.<\/p>\n\n\n\n<!--more-->\n\n\n\n<p>Pocieszaj\u0105ce jest to, \u017ce aktualnie jest bardzo du\u017cy wyb\u00f3r wanien i kabin prysznicowych, kt\u00f3re \u0142atwo dobra\u0107 do \u0142azienek o zr\u00f3\u017cnicowanej stylistyce. <a href=\"https:\/\/marradesign.pl\/oferta\/wanny\">Wygodne i solidne wanny<\/a> lub nowoczesne systemy prysznicowe znajdziesz tak\u017ce w naszym salonie.<\/p>\n\n\n\n<p>Na korzy\u015b\u0107 wanien przemawia przede wszystkim komfort u\u017cytkowania. Wiele os\u00f3b nie wyobra\u017ca sobie zwie\u0144czenia dnia bez relaksuj\u0105cej k\u0105pieli, <strong>co wi\u0119cej dla wielu u\u017cytkownik\u00f3w, k\u0105piele pe\u0142ni\u0105 tak\u017ce rol\u0119 terapii w leczeniu niekt\u00f3rych schorze\u0144<\/strong>. Wanny s\u0105 r\u00f3wnie\u017c bardzo zr\u00f3\u017cnicowane pod k\u0105tem kszta\u0142t\u00f3w, pocz\u0105wszy od prostok\u0105tnych i klasycznych wariant\u00f3w, po modele wolnostoj\u0105ce, owalne, naro\u017cne, a nawet otwierane, co jest szczeg\u00f3lnie praktyczne dla os\u00f3b starszych. Du\u017cym uznaniem ciesz\u0105 si\u0119 <strong>wanny w\u0142oskiej marki Rexa Design, kt\u00f3re mo\u017cna dopasowa\u0107 do \u0142azienek urz\u0105dzonych zar\u00f3wno w nowoczesnym stylu, jak i w formie bardziej retro<\/strong>.<\/p>\n\n\n\n<p>Kabiny prysznicowe to z kolei idealne rozwi\u0105zanie dla os\u00f3b, u kt\u00f3rych oszcz\u0119dno\u015b\u0107 czasu jest jednoznaczna z oszcz\u0119dno\u015bci\u0105 pieni\u0119dzy. Dodatkowo <strong>prysznic generuje znacznie mniejsz\u0105 ilo\u015b\u0107 wody, co przek\u0142ada si\u0119 r\u00f3wnie\u017c na ni\u017csze rachunki<\/strong>, a tak\u017ce na ograniczenie eksploatacji naszej planety. Ponadto kolumny prysznicowe s\u0105:<\/p>\n\n\n\n<ul class=\"wp-block-list\">\n<li>kompatybilne z \u0142azienkami urz\u0105dzonymi w r\u00f3\u017cnorodnym stylu, r\u00f3wnie\u017c z pomieszczeniami o niewielkim metra\u017cu,<\/li>\n\n\n\n<li><strong>\u0142atwe w czyszczeniu, szczeg\u00f3lnie je\u015bli chodzi o modele bez brodzika,<\/strong><\/li>\n\n\n\n<li>u\u0142atwieniem dla os\u00f3b niepe\u0142nosprawnych oraz w podesz\u0142ym wieku.<\/li>\n<\/ul>\n\n\n\n<p>Wy\u017cej wymienione cechy i funkcjonalno\u015bci z powodzeniem \u0142\u0105cz\u0105 na przyk\u0142ad kabiny prysznicowe marki Novellini.<\/p>\n\n\n\n<p>Dla os\u00f3b maj\u0105cych problem z podj\u0119ciem decyzji dobrym rozwi\u0105zaniem s\u0105 popularne w ostatnich latach brodziki \u0142\u0105cz\u0105ce ze sob\u0105 funkcj\u0119 zar\u00f3wno prysznica, jak i wanny.<\/p>\n","protected":false},"excerpt":{"rendered":"<p>Urz\u0105dzaj\u0105c \u0142azienk\u0119 od podstaw lub przeprowadzaj\u0105c jej generalny remont, wiele os\u00f3b musi zmierzy\u0107 si\u0119 z dylematem \u2013 wybra\u0107 kabin\u0119 prysznicow\u0105, czy mo\u017ce jednak wanna b\u0119dzie lepszym rozwi\u0105zaniem? Jak w innych kwestiach dotycz\u0105cych aran\u017cacji wn\u0119trz, tak i w tym przypadku ci\u0119\u017cko o jednoznaczn\u0105 odpowied\u017a.<\/p>\n","protected":false},"author":1,"featured_media":77,"comment_status":"open","ping_status":"open","sticky":false,"template":"","format":"standard","meta":{"footnotes":""},"categories":[1],"tags":[],"class_list":["post-32","post","type-post","status-publish","format-standard","has-post-thumbnail","hentry","category-bez-kategorii"],"yoast_head":"<!-- This site is optimized with the Yoast SEO plugin v20.0 - https:\/\/yoast.com\/wordpress\/plugins\/seo\/ -->\n<title>Czy urz\u0105dzaj\u0105c \u0142azienk\u0119, lepiej wybra\u0107 wann\u0119, czy mo\u017ce prysznic?<\/title>\n<meta name=\"description\" content=\"Wyb\u00f3r wanny lub kabiny prysznicowej uzale\u017cniony jest m.in. od indywidualnych potrzeb, a tak\u017ce metra\u017cu \u0142azienki. Wi\u0119cej informacji znajdziesz w naszym tek\u015bcie.\" \/>\n<meta name=\"robots\" content=\"index, follow, max-snippet:-1, max-image-preview:large, max-video-preview:-1\" \/>\n<link rel=\"canonical\" href=\"https:\/\/marradesign.pl\/blog\/wanna-czy-kabina-prysznicowa-co-wybrac-do-lazienki\/\" \/>\n<meta property=\"og:locale\" content=\"pl_PL\" \/>\n<meta property=\"og:type\" content=\"article\" \/>\n<meta property=\"og:title\" content=\"Czy urz\u0105dzaj\u0105c \u0142azienk\u0119, lepiej wybra\u0107 wann\u0119, czy mo\u017ce prysznic?\" \/>\n<meta property=\"og:description\" content=\"Wyb\u00f3r wanny lub kabiny prysznicowej uzale\u017cniony jest m.in. od indywidualnych potrzeb, a tak\u017ce metra\u017cu \u0142azienki. Wi\u0119cej informacji znajdziesz w naszym tek\u015bcie.\" \/>\n<meta property=\"og:url\" content=\"https:\/\/marradesign.pl\/blog\/wanna-czy-kabina-prysznicowa-co-wybrac-do-lazienki\/\" \/>\n<meta property=\"og:site_name\" content=\"Marra Design\" \/>\n<meta property=\"article:published_time\" content=\"2022-10-12T12:58:36+00:00\" \/>\n<meta property=\"article:modified_time\" content=\"2023-02-16T07:32:04+00:00\" \/>\n<meta property=\"og:image\" content=\"https:\/\/marradesign.pl\/blog\/wp-content\/uploads\/2022\/10\/prysznic.jpg\" \/>\n\t<meta property=\"og:image:width\" content=\"800\" \/>\n\t<meta property=\"og:image:height\" content=\"533\" \/>\n\t<meta property=\"og:image:type\" content=\"image\/jpeg\" \/>\n<meta name=\"author\" content=\"admin\" \/>\n<meta name=\"twitter:card\" content=\"summary_large_image\" \/>\n<meta name=\"twitter:label1\" content=\"Napisane przez\" \/>\n\t<meta name=\"twitter:data1\" content=\"admin\" \/>\n\t<meta name=\"twitter:label2\" content=\"Szacowany czas czytania\" \/>\n\t<meta name=\"twitter:data2\" content=\"2 minuty\" \/>\n<script type=\"application\/ld+json\" class=\"yoast-schema-graph\">{\"@context\":\"https:\/\/schema.org\",\"@graph\":[{\"@type\":\"WebPage\",\"@id\":\"https:\/\/marradesign.pl\/blog\/wanna-czy-kabina-prysznicowa-co-wybrac-do-lazienki\/\",\"url\":\"https:\/\/marradesign.pl\/blog\/wanna-czy-kabina-prysznicowa-co-wybrac-do-lazienki\/\",\"name\":\"Czy urz\u0105dzaj\u0105c \u0142azienk\u0119, lepiej wybra\u0107 wann\u0119, czy mo\u017ce prysznic?\",\"isPartOf\":{\"@id\":\"https:\/\/marradesign.pl\/blog\/#website\"},\"datePublished\":\"2022-10-12T12:58:36+00:00\",\"dateModified\":\"2023-02-16T07:32:04+00:00\",\"author\":{\"@id\":\"https:\/\/marradesign.pl\/blog\/#\/schema\/person\/57692a86bee7fd53033e4b45469967d8\"},\"description\":\"Wyb\u00f3r wanny lub kabiny prysznicowej uzale\u017cniony jest m.in. od indywidualnych potrzeb, a tak\u017ce metra\u017cu \u0142azienki. Wi\u0119cej informacji znajdziesz w naszym tek\u015bcie.\",\"breadcrumb\":{\"@id\":\"https:\/\/marradesign.pl\/blog\/wanna-czy-kabina-prysznicowa-co-wybrac-do-lazienki\/#breadcrumb\"},\"inLanguage\":\"pl-PL\",\"potentialAction\":[{\"@type\":\"ReadAction\",\"target\":[\"https:\/\/marradesign.pl\/blog\/wanna-czy-kabina-prysznicowa-co-wybrac-do-lazienki\/\"]}]},{\"@type\":\"BreadcrumbList\",\"@id\":\"https:\/\/marradesign.pl\/blog\/wanna-czy-kabina-prysznicowa-co-wybrac-do-lazienki\/#breadcrumb\",\"itemListElement\":[{\"@type\":\"ListItem\",\"position\":1,\"name\":\"Strona g\u0142\u00f3wna\",\"item\":\"https:\/\/marradesign.pl\/blog\/\"},{\"@type\":\"ListItem\",\"position\":2,\"name\":\"Wanna czy kabina prysznicowa &#8211; co wybra\u0107 do \u0142azienki?\"}]},{\"@type\":\"WebSite\",\"@id\":\"https:\/\/marradesign.pl\/blog\/#website\",\"url\":\"https:\/\/marradesign.pl\/blog\/\",\"name\":\"Marra Design\",\"description\":\"\",\"potentialAction\":[{\"@type\":\"SearchAction\",\"target\":{\"@type\":\"EntryPoint\",\"urlTemplate\":\"https:\/\/marradesign.pl\/blog\/?s={search_term_string}\"},\"query-input\":\"required name=search_term_string\"}],\"inLanguage\":\"pl-PL\"},{\"@type\":\"Person\",\"@id\":\"https:\/\/marradesign.pl\/blog\/#\/schema\/person\/57692a86bee7fd53033e4b45469967d8\",\"name\":\"admin\",\"image\":{\"@type\":\"ImageObject\",\"inLanguage\":\"pl-PL\",\"@id\":\"https:\/\/marradesign.pl\/blog\/#\/schema\/person\/image\/\",\"url\":\"https:\/\/secure.gravatar.com\/avatar\/8ba90f968bb31cbecf6444ed388f8c5bd5d9803a1e56d3674bd89c22985e049d?s=96&d=mm&r=g\",\"contentUrl\":\"https:\/\/secure.gravatar.com\/avatar\/8ba90f968bb31cbecf6444ed388f8c5bd5d9803a1e56d3674bd89c22985e049d?s=96&d=mm&r=g\",\"caption\":\"admin\"},\"sameAs\":[\"https:\/\/marradesign.pl\/blog\"],\"url\":\"https:\/\/marradesign.pl\/blog\/author\/admin\/\"}]}<\/script>\n<!-- \/ Yoast SEO plugin. -->","yoast_head_json":{"title":"Czy urz\u0105dzaj\u0105c \u0142azienk\u0119, lepiej wybra\u0107 wann\u0119, czy mo\u017ce prysznic?","description":"Wyb\u00f3r wanny lub kabiny prysznicowej uzale\u017cniony jest m.in. od indywidualnych potrzeb, a tak\u017ce metra\u017cu \u0142azienki. Wi\u0119cej informacji znajdziesz w naszym tek\u015bcie.","robots":{"index":"index","follow":"follow","max-snippet":"max-snippet:-1","max-image-preview":"max-image-preview:large","max-video-preview":"max-video-preview:-1"},"canonical":"https:\/\/marradesign.pl\/blog\/wanna-czy-kabina-prysznicowa-co-wybrac-do-lazienki\/","og_locale":"pl_PL","og_type":"article","og_title":"Czy urz\u0105dzaj\u0105c \u0142azienk\u0119, lepiej wybra\u0107 wann\u0119, czy mo\u017ce prysznic?","og_description":"Wyb\u00f3r wanny lub kabiny prysznicowej uzale\u017cniony jest m.in. od indywidualnych potrzeb, a tak\u017ce metra\u017cu \u0142azienki. Wi\u0119cej informacji znajdziesz w naszym tek\u015bcie.","og_url":"https:\/\/marradesign.pl\/blog\/wanna-czy-kabina-prysznicowa-co-wybrac-do-lazienki\/","og_site_name":"Marra Design","article_published_time":"2022-10-12T12:58:36+00:00","article_modified_time":"2023-02-16T07:32:04+00:00","og_image":[{"width":800,"height":533,"url":"https:\/\/marradesign.pl\/blog\/wp-content\/uploads\/2022\/10\/prysznic.jpg","type":"image\/jpeg"}],"author":"admin","twitter_card":"summary_large_image","twitter_misc":{"Napisane przez":"admin","Szacowany czas czytania":"2 minuty"},"schema":{"@context":"https:\/\/schema.org","@graph":[{"@type":"WebPage","@id":"https:\/\/marradesign.pl\/blog\/wanna-czy-kabina-prysznicowa-co-wybrac-do-lazienki\/","url":"https:\/\/marradesign.pl\/blog\/wanna-czy-kabina-prysznicowa-co-wybrac-do-lazienki\/","name":"Czy urz\u0105dzaj\u0105c \u0142azienk\u0119, lepiej wybra\u0107 wann\u0119, czy mo\u017ce prysznic?","isPartOf":{"@id":"https:\/\/marradesign.pl\/blog\/#website"},"datePublished":"2022-10-12T12:58:36+00:00","dateModified":"2023-02-16T07:32:04+00:00","author":{"@id":"https:\/\/marradesign.pl\/blog\/#\/schema\/person\/57692a86bee7fd53033e4b45469967d8"},"description":"Wyb\u00f3r wanny lub kabiny prysznicowej uzale\u017cniony jest m.in. od indywidualnych potrzeb, a tak\u017ce metra\u017cu \u0142azienki. Wi\u0119cej informacji znajdziesz w naszym tek\u015bcie.","breadcrumb":{"@id":"https:\/\/marradesign.pl\/blog\/wanna-czy-kabina-prysznicowa-co-wybrac-do-lazienki\/#breadcrumb"},"inLanguage":"pl-PL","potentialAction":[{"@type":"ReadAction","target":["https:\/\/marradesign.pl\/blog\/wanna-czy-kabina-prysznicowa-co-wybrac-do-lazienki\/"]}]},{"@type":"BreadcrumbList","@id":"https:\/\/marradesign.pl\/blog\/wanna-czy-kabina-prysznicowa-co-wybrac-do-lazienki\/#breadcrumb","itemListElement":[{"@type":"ListItem","position":1,"name":"Strona g\u0142\u00f3wna","item":"https:\/\/marradesign.pl\/blog\/"},{"@type":"ListItem","position":2,"name":"Wanna czy kabina prysznicowa &#8211; co wybra\u0107 do \u0142azienki?"}]},{"@type":"WebSite","@id":"https:\/\/marradesign.pl\/blog\/#website","url":"https:\/\/marradesign.pl\/blog\/","name":"Marra Design","description":"","potentialAction":[{"@type":"SearchAction","target":{"@type":"EntryPoint","urlTemplate":"https:\/\/marradesign.pl\/blog\/?s={search_term_string}"},"query-input":"required name=search_term_string"}],"inLanguage":"pl-PL"},{"@type":"Person","@id":"https:\/\/marradesign.pl\/blog\/#\/schema\/person\/57692a86bee7fd53033e4b45469967d8","name":"admin","image":{"@type":"ImageObject","inLanguage":"pl-PL","@id":"https:\/\/marradesign.pl\/blog\/#\/schema\/person\/image\/","url":"https:\/\/secure.gravatar.com\/avatar\/8ba90f968bb31cbecf6444ed388f8c5bd5d9803a1e56d3674bd89c22985e049d?s=96&d=mm&r=g","contentUrl":"https:\/\/secure.gravatar.com\/avatar\/8ba90f968bb31cbecf6444ed388f8c5bd5d9803a1e56d3674bd89c22985e049d?s=96&d=mm&r=g","caption":"admin"},"sameAs":["https:\/\/marradesign.pl\/blog"],"url":"https:\/\/marradesign.pl\/blog\/author\/admin\/"}]}},"_links":{"self":[{"href":"https:\/\/marradesign.pl\/blog\/wp-json\/wp\/v2\/posts\/32","targetHints":{"allow":["GET"]}}],"collection":[{"href":"https:\/\/marradesign.pl\/blog\/wp-json\/wp\/v2\/posts"}],"about":[{"href":"https:\/\/marradesign.pl\/blog\/wp-json\/wp\/v2\/types\/post"}],"author":[{"embeddable":true,"href":"https:\/\/marradesign.pl\/blog\/wp-json\/wp\/v2\/users\/1"}],"replies":[{"embeddable":true,"href":"https:\/\/marradesign.pl\/blog\/wp-json\/wp\/v2\/comments?post=32"}],"version-history":[{"count":2,"href":"https:\/\/marradesign.pl\/blog\/wp-json\/wp\/v2\/posts\/32\/revisions"}],"predecessor-version":[{"id":34,"href":"https:\/\/marradesign.pl\/blog\/wp-json\/wp\/v2\/posts\/32\/revisions\/34"}],"wp:featuredmedia":[{"embeddable":true,"href":"https:\/\/marradesign.pl\/blog\/wp-json\/wp\/v2\/media\/77"}],"wp:attachment":[{"href":"https:\/\/marradesign.pl\/blog\/wp-json\/wp\/v2\/media?parent=32"}],"wp:term":[{"taxonomy":"category","embeddable":true,"href":"https:\/\/marradesign.pl\/blog\/wp-json\/wp\/v2\/categories?post=32"},{"taxonomy":"post_tag","embeddable":true,"href":"https:\/\/marradesign.pl\/blog\/wp-json\/wp\/v2\/tags?post=32"}],"curies":[{"name":"wp","href":"https:\/\/api.w.org\/{rel}","templated":true}]}}