{"id":19,"date":"2022-12-16T14:35:58","date_gmt":"2022-12-16T13:35:58","guid":{"rendered":"https:\/\/marradesign.pl\/blog\/?p=19"},"modified":"2023-02-16T08:43:52","modified_gmt":"2023-02-16T07:43:52","slug":"gdzie-w-lazience-umiescic-wanne","status":"publish","type":"post","link":"https:\/\/marradesign.pl\/blog\/gdzie-w-lazience-umiescic-wanne\/","title":{"rendered":"Gdzie w \u0142azience umie\u015bci\u0107 wann\u0119?"},"content":{"rendered":"\n<p>Wiele os\u00f3b nie mo\u017ce sobie wyobrazi\u0107 wyposa\u017cenia \u0142azienki bez wanny, kt\u00f3ra spe\u0142nia tak\u017ce funkcj\u0119 relaksacyjn\u0105 po d\u0142ugim i ci\u0119\u017ckim dniu. <strong>Co wi\u0119cej, nie trzeba z niej koniecznie rezygnowa\u0107, nawet gdy nie dysponujemy zbyt du\u017cym metra\u017cem<\/strong>. Wszystko jest kwesti\u0105 modelu wanny oraz jej lokalizacji.<\/p>\n\n\n\n<!--more-->\n\n\n\n<p>Zacznijmy jednak od \u0142azienek o du\u017cej przestrzeni, w kt\u00f3rych mamy zdecydowanie wi\u0119cej mo\u017cliwo\u015bci. Nie musimy ogranicza\u0107 si\u0119 jedynie do zwyk\u0142ej instalacji wanny w rogu pomieszczenia, chocia\u017c jest to uniwersalne i sprawdzone rozwi\u0105zanie. Mo\u017cemy jednak p\u00f3j\u015b\u0107 o krok dalej i stworzy\u0107 stref\u0119 relaksacyjno-k\u0105pielow\u0105 z takimi dodatkami jak p\u00f3\u0142ki, wieszaki na r\u0119czniki oraz wn\u0119ki na \u015bwieczki i inne elementy ozdobne.<\/p>\n\n\n\n<p><strong>Zwolennicy stylu retro z pewno\u015bci\u0105 przekonaj\u0105 si\u0119 do wanien wolnostoj\u0105cych, kt\u00f3re mo\u017cna \u015bmia\u0142o umie\u015bci\u0107 w centralnej cz\u0119\u015bci pomieszczenia<\/strong>. Stylowa wanna o charakterze vintage doda nieco eleganckiego sznytu, a du\u017ca przestrze\u0144 wok\u00f3\u0142, jeszcze bardziej umili k\u0105piel. W du\u017cej \u0142azience z pewno\u015bci\u0105 sprawdz\u0105 si\u0119 tak\u017ce wanny o owalnym kszta\u0142cie.<\/p>\n\n\n\n<p>Pisz\u0105c o gustownej \u0142azience, nie spos\u00f3b pomin\u0105\u0107 dost\u0119pnych u nas <a href=\"https:\/\/marradesign.pl\/oferta\">eleganckich w\u0142oskich wanien Novellini<\/a>, kt\u00f3re stanowi\u0105 kompromis pomi\u0119dzy nowoczesno\u015bci\u0105 a ergonomi\u0105, najcz\u0119\u015bciej dzi\u0119ki swojej klasycznej, prostok\u0105tnej budowie. W ten spos\u00f3b mo\u017cna je \u0142atwo dopasowa\u0107 do wielu \u0142azienek niezale\u017cnie od ich stylu urz\u0105dzenia oraz metra\u017cu.<\/p>\n\n\n\n<p>W mniejszych \u0142azienkach warto pomy\u015ble\u0107 o modelach naro\u017cnych i przy\u015bciennych, a umiejscowienie ich obok \u015bciany pozwoli zaoszcz\u0119dzi\u0107 sporo miejsca. <strong>Wanna jest jednym z najbardziej reprezentatywnych element\u00f3w wyposa\u017cenia \u0142azienek, dlatego te\u017c cz\u0119sto jest montowana na wprost drzwi wej\u015bciowych<\/strong>. Ponadto, aby m\u00f3c swobodnie z niej korzysta\u0107, powinna by\u0107 ulokowana w odpowiedniej odleg\u0142o\u015bci zar\u00f3wno od muszli WC, jak i od umywalki.<\/p>\n","protected":false},"excerpt":{"rendered":"<p>Wiele os\u00f3b nie mo\u017ce sobie wyobrazi\u0107 wyposa\u017cenia \u0142azienki bez wanny, kt\u00f3ra spe\u0142nia tak\u017ce funkcj\u0119 relaksacyjn\u0105 po d\u0142ugim i ci\u0119\u017ckim dniu. Co wi\u0119cej, nie trzeba z niej koniecznie rezygnowa\u0107, nawet gdy nie dysponujemy zbyt du\u017cym metra\u017cem. Wszystko jest kwesti\u0105 modelu wanny oraz jej lokalizacji.<\/p>\n","protected":false},"author":1,"featured_media":80,"comment_status":"closed","ping_status":"open","sticky":false,"template":"","format":"standard","meta":{"footnotes":""},"categories":[1],"tags":[],"class_list":["post-19","post","type-post","status-publish","format-standard","has-post-thumbnail","hentry","category-bez-kategorii"],"yoast_head":"<!-- This site is optimized with the Yoast SEO plugin v20.0 - https:\/\/yoast.com\/wordpress\/plugins\/seo\/ -->\n<title>Jakie s\u0105 odpowiednie miejsca do monta\u017cu wanny w \u0142azience?<\/title>\n<meta name=\"description\" content=\"W du\u017cych \u0142azienkach sprawdz\u0105 si\u0119 wanny wolnostoj\u0105ce zainstalowane na \u015brodku, w ma\u0142ych pomieszczeniach, praktycznym rozwi\u0105zaniem jest ich monta\u017c przy \u015bcianie.\" \/>\n<meta name=\"robots\" content=\"index, follow, max-snippet:-1, max-image-preview:large, max-video-preview:-1\" \/>\n<link rel=\"canonical\" href=\"https:\/\/marradesign.pl\/blog\/gdzie-w-lazience-umiescic-wanne\/\" \/>\n<meta property=\"og:locale\" content=\"pl_PL\" \/>\n<meta property=\"og:type\" content=\"article\" \/>\n<meta property=\"og:title\" content=\"Jakie s\u0105 odpowiednie miejsca do monta\u017cu wanny w \u0142azience?\" \/>\n<meta property=\"og:description\" content=\"W du\u017cych \u0142azienkach sprawdz\u0105 si\u0119 wanny wolnostoj\u0105ce zainstalowane na \u015brodku, w ma\u0142ych pomieszczeniach, praktycznym rozwi\u0105zaniem jest ich monta\u017c przy \u015bcianie.\" \/>\n<meta property=\"og:url\" content=\"https:\/\/marradesign.pl\/blog\/gdzie-w-lazience-umiescic-wanne\/\" \/>\n<meta property=\"og:site_name\" content=\"Marra Design\" \/>\n<meta property=\"article:published_time\" content=\"2022-12-16T13:35:58+00:00\" \/>\n<meta property=\"article:modified_time\" content=\"2023-02-16T07:43:52+00:00\" \/>\n<meta property=\"og:image\" content=\"https:\/\/marradesign.pl\/blog\/wp-content\/uploads\/2022\/12\/lazienka.jpg\" \/>\n\t<meta property=\"og:image:width\" content=\"800\" \/>\n\t<meta property=\"og:image:height\" content=\"533\" \/>\n\t<meta property=\"og:image:type\" content=\"image\/jpeg\" \/>\n<meta name=\"author\" content=\"admin\" \/>\n<meta name=\"twitter:card\" content=\"summary_large_image\" \/>\n<meta name=\"twitter:label1\" content=\"Napisane przez\" \/>\n\t<meta name=\"twitter:data1\" content=\"admin\" \/>\n\t<meta name=\"twitter:label2\" content=\"Szacowany czas czytania\" \/>\n\t<meta name=\"twitter:data2\" content=\"2 minuty\" \/>\n<script type=\"application\/ld+json\" class=\"yoast-schema-graph\">{\"@context\":\"https:\/\/schema.org\",\"@graph\":[{\"@type\":\"WebPage\",\"@id\":\"https:\/\/marradesign.pl\/blog\/gdzie-w-lazience-umiescic-wanne\/\",\"url\":\"https:\/\/marradesign.pl\/blog\/gdzie-w-lazience-umiescic-wanne\/\",\"name\":\"Jakie s\u0105 odpowiednie miejsca do monta\u017cu wanny w \u0142azience?\",\"isPartOf\":{\"@id\":\"https:\/\/marradesign.pl\/blog\/#website\"},\"datePublished\":\"2022-12-16T13:35:58+00:00\",\"dateModified\":\"2023-02-16T07:43:52+00:00\",\"author\":{\"@id\":\"https:\/\/marradesign.pl\/blog\/#\/schema\/person\/57692a86bee7fd53033e4b45469967d8\"},\"description\":\"W du\u017cych \u0142azienkach sprawdz\u0105 si\u0119 wanny wolnostoj\u0105ce zainstalowane na \u015brodku, w ma\u0142ych pomieszczeniach, praktycznym rozwi\u0105zaniem jest ich monta\u017c przy \u015bcianie.\",\"breadcrumb\":{\"@id\":\"https:\/\/marradesign.pl\/blog\/gdzie-w-lazience-umiescic-wanne\/#breadcrumb\"},\"inLanguage\":\"pl-PL\",\"potentialAction\":[{\"@type\":\"ReadAction\",\"target\":[\"https:\/\/marradesign.pl\/blog\/gdzie-w-lazience-umiescic-wanne\/\"]}]},{\"@type\":\"BreadcrumbList\",\"@id\":\"https:\/\/marradesign.pl\/blog\/gdzie-w-lazience-umiescic-wanne\/#breadcrumb\",\"itemListElement\":[{\"@type\":\"ListItem\",\"position\":1,\"name\":\"Strona g\u0142\u00f3wna\",\"item\":\"https:\/\/marradesign.pl\/blog\/\"},{\"@type\":\"ListItem\",\"position\":2,\"name\":\"Gdzie w \u0142azience umie\u015bci\u0107 wann\u0119?\"}]},{\"@type\":\"WebSite\",\"@id\":\"https:\/\/marradesign.pl\/blog\/#website\",\"url\":\"https:\/\/marradesign.pl\/blog\/\",\"name\":\"Marra Design\",\"description\":\"\",\"potentialAction\":[{\"@type\":\"SearchAction\",\"target\":{\"@type\":\"EntryPoint\",\"urlTemplate\":\"https:\/\/marradesign.pl\/blog\/?s={search_term_string}\"},\"query-input\":\"required name=search_term_string\"}],\"inLanguage\":\"pl-PL\"},{\"@type\":\"Person\",\"@id\":\"https:\/\/marradesign.pl\/blog\/#\/schema\/person\/57692a86bee7fd53033e4b45469967d8\",\"name\":\"admin\",\"image\":{\"@type\":\"ImageObject\",\"inLanguage\":\"pl-PL\",\"@id\":\"https:\/\/marradesign.pl\/blog\/#\/schema\/person\/image\/\",\"url\":\"https:\/\/secure.gravatar.com\/avatar\/8ba90f968bb31cbecf6444ed388f8c5bd5d9803a1e56d3674bd89c22985e049d?s=96&d=mm&r=g\",\"contentUrl\":\"https:\/\/secure.gravatar.com\/avatar\/8ba90f968bb31cbecf6444ed388f8c5bd5d9803a1e56d3674bd89c22985e049d?s=96&d=mm&r=g\",\"caption\":\"admin\"},\"sameAs\":[\"https:\/\/marradesign.pl\/blog\"],\"url\":\"https:\/\/marradesign.pl\/blog\/author\/admin\/\"}]}<\/script>\n<!-- \/ Yoast SEO plugin. -->","yoast_head_json":{"title":"Jakie s\u0105 odpowiednie miejsca do monta\u017cu wanny w \u0142azience?","description":"W du\u017cych \u0142azienkach sprawdz\u0105 si\u0119 wanny wolnostoj\u0105ce zainstalowane na \u015brodku, w ma\u0142ych pomieszczeniach, praktycznym rozwi\u0105zaniem jest ich monta\u017c przy \u015bcianie.","robots":{"index":"index","follow":"follow","max-snippet":"max-snippet:-1","max-image-preview":"max-image-preview:large","max-video-preview":"max-video-preview:-1"},"canonical":"https:\/\/marradesign.pl\/blog\/gdzie-w-lazience-umiescic-wanne\/","og_locale":"pl_PL","og_type":"article","og_title":"Jakie s\u0105 odpowiednie miejsca do monta\u017cu wanny w \u0142azience?","og_description":"W du\u017cych \u0142azienkach sprawdz\u0105 si\u0119 wanny wolnostoj\u0105ce zainstalowane na \u015brodku, w ma\u0142ych pomieszczeniach, praktycznym rozwi\u0105zaniem jest ich monta\u017c przy \u015bcianie.","og_url":"https:\/\/marradesign.pl\/blog\/gdzie-w-lazience-umiescic-wanne\/","og_site_name":"Marra Design","article_published_time":"2022-12-16T13:35:58+00:00","article_modified_time":"2023-02-16T07:43:52+00:00","og_image":[{"width":800,"height":533,"url":"https:\/\/marradesign.pl\/blog\/wp-content\/uploads\/2022\/12\/lazienka.jpg","type":"image\/jpeg"}],"author":"admin","twitter_card":"summary_large_image","twitter_misc":{"Napisane przez":"admin","Szacowany czas czytania":"2 minuty"},"schema":{"@context":"https:\/\/schema.org","@graph":[{"@type":"WebPage","@id":"https:\/\/marradesign.pl\/blog\/gdzie-w-lazience-umiescic-wanne\/","url":"https:\/\/marradesign.pl\/blog\/gdzie-w-lazience-umiescic-wanne\/","name":"Jakie s\u0105 odpowiednie miejsca do monta\u017cu wanny w \u0142azience?","isPartOf":{"@id":"https:\/\/marradesign.pl\/blog\/#website"},"datePublished":"2022-12-16T13:35:58+00:00","dateModified":"2023-02-16T07:43:52+00:00","author":{"@id":"https:\/\/marradesign.pl\/blog\/#\/schema\/person\/57692a86bee7fd53033e4b45469967d8"},"description":"W du\u017cych \u0142azienkach sprawdz\u0105 si\u0119 wanny wolnostoj\u0105ce zainstalowane na \u015brodku, w ma\u0142ych pomieszczeniach, praktycznym rozwi\u0105zaniem jest ich monta\u017c przy \u015bcianie.","breadcrumb":{"@id":"https:\/\/marradesign.pl\/blog\/gdzie-w-lazience-umiescic-wanne\/#breadcrumb"},"inLanguage":"pl-PL","potentialAction":[{"@type":"ReadAction","target":["https:\/\/marradesign.pl\/blog\/gdzie-w-lazience-umiescic-wanne\/"]}]},{"@type":"BreadcrumbList","@id":"https:\/\/marradesign.pl\/blog\/gdzie-w-lazience-umiescic-wanne\/#breadcrumb","itemListElement":[{"@type":"ListItem","position":1,"name":"Strona g\u0142\u00f3wna","item":"https:\/\/marradesign.pl\/blog\/"},{"@type":"ListItem","position":2,"name":"Gdzie w \u0142azience umie\u015bci\u0107 wann\u0119?"}]},{"@type":"WebSite","@id":"https:\/\/marradesign.pl\/blog\/#website","url":"https:\/\/marradesign.pl\/blog\/","name":"Marra Design","description":"","potentialAction":[{"@type":"SearchAction","target":{"@type":"EntryPoint","urlTemplate":"https:\/\/marradesign.pl\/blog\/?s={search_term_string}"},"query-input":"required name=search_term_string"}],"inLanguage":"pl-PL"},{"@type":"Person","@id":"https:\/\/marradesign.pl\/blog\/#\/schema\/person\/57692a86bee7fd53033e4b45469967d8","name":"admin","image":{"@type":"ImageObject","inLanguage":"pl-PL","@id":"https:\/\/marradesign.pl\/blog\/#\/schema\/person\/image\/","url":"https:\/\/secure.gravatar.com\/avatar\/8ba90f968bb31cbecf6444ed388f8c5bd5d9803a1e56d3674bd89c22985e049d?s=96&d=mm&r=g","contentUrl":"https:\/\/secure.gravatar.com\/avatar\/8ba90f968bb31cbecf6444ed388f8c5bd5d9803a1e56d3674bd89c22985e049d?s=96&d=mm&r=g","caption":"admin"},"sameAs":["https:\/\/marradesign.pl\/blog"],"url":"https:\/\/marradesign.pl\/blog\/author\/admin\/"}]}},"_links":{"self":[{"href":"https:\/\/marradesign.pl\/blog\/wp-json\/wp\/v2\/posts\/19","targetHints":{"allow":["GET"]}}],"collection":[{"href":"https:\/\/marradesign.pl\/blog\/wp-json\/wp\/v2\/posts"}],"about":[{"href":"https:\/\/marradesign.pl\/blog\/wp-json\/wp\/v2\/types\/post"}],"author":[{"embeddable":true,"href":"https:\/\/marradesign.pl\/blog\/wp-json\/wp\/v2\/users\/1"}],"replies":[{"embeddable":true,"href":"https:\/\/marradesign.pl\/blog\/wp-json\/wp\/v2\/comments?post=19"}],"version-history":[{"count":2,"href":"https:\/\/marradesign.pl\/blog\/wp-json\/wp\/v2\/posts\/19\/revisions"}],"predecessor-version":[{"id":22,"href":"https:\/\/marradesign.pl\/blog\/wp-json\/wp\/v2\/posts\/19\/revisions\/22"}],"wp:featuredmedia":[{"embeddable":true,"href":"https:\/\/marradesign.pl\/blog\/wp-json\/wp\/v2\/media\/80"}],"wp:attachment":[{"href":"https:\/\/marradesign.pl\/blog\/wp-json\/wp\/v2\/media?parent=19"}],"wp:term":[{"taxonomy":"category","embeddable":true,"href":"https:\/\/marradesign.pl\/blog\/wp-json\/wp\/v2\/categories?post=19"},{"taxonomy":"post_tag","embeddable":true,"href":"https:\/\/marradesign.pl\/blog\/wp-json\/wp\/v2\/tags?post=19"}],"curies":[{"name":"wp","href":"https:\/\/api.w.org\/{rel}","templated":true}]}}