{"id":131,"date":"2023-11-16T10:33:30","date_gmt":"2023-11-16T09:33:30","guid":{"rendered":"https:\/\/marradesign.pl\/blog\/?p=131"},"modified":"2023-12-15T10:44:35","modified_gmt":"2023-12-15T09:44:35","slug":"co-wziac-pod-uwage-przy-wyborze-plytek-do-lazienki","status":"publish","type":"post","link":"https:\/\/marradesign.pl\/blog\/co-wziac-pod-uwage-przy-wyborze-plytek-do-lazienki\/","title":{"rendered":"Co wzi\u0105\u0107 pod uwag\u0119 przy wyborze p\u0142ytek do \u0142azienki?"},"content":{"rendered":"\n<p>Wybieraj\u0105c p\u0142ytki do \u0142azienki, nale\u017cy si\u0119 zastanowi\u0107 nad kilkoma czynnikami. Na pocz\u0105tku, warto wzi\u0105\u0107 pod uwag\u0119 rodzaj p\u0142ytek, kt\u00f3re b\u0119d\u0105 pasowa\u0107 do stylistyki naszej \u0142azienki. Dobrym przyk\u0142adem s\u0105 dost\u0119pne w naszej ofercie <a href=\"https:\/\/marradesign.pl\/oferta\/okleiny-plytki-lazienkowe\">p\u0142ytki \u015bcienne Salvatori<\/a>, kt\u00f3re stanowi\u0105 idealny kompromis pomi\u0119dzy unikatowym designem a trwa\u0142o\u015bci\u0105. Wszystko dzi\u0119ki po\u0142\u0105czeniu kamienia naturalnego i eleganckich wzor\u00f3w.<\/p>\n\n\n\n<!--more-->\n\n\n\n<h2 class=\"wp-block-heading\">Zwr\u00f3\u0107 uwag\u0119 na wymiary<\/h2>\n\n\n\n<p>Jednym z najwa\u017cniejszych czynnik\u00f3w, jakie nale\u017cy wzi\u0105\u0107 pod uwag\u0119 przy wyborze p\u0142ytek do \u0142azienki, jest ich wielko\u015b\u0107. <strong>Najcz\u0119\u015bciej stosowane s\u0105 p\u0142ytki o wymiarach 30&#215;30, 40&#215;40 lub 60&#215;60 cm<\/strong>, du\u017c\u0105 popularno\u015bci\u0105 ciesz\u0105 si\u0119 r\u00f3wnie\u017c warianty 20&#215;20 cm oraz 120&#215;60 cm.<\/p>\n\n\n\n<h2 class=\"wp-block-heading\">Kolor i faktura to priorytetowe kryteria<\/h2>\n\n\n\n<p>Kolejnym istotnym czynnikiem jest kolor p\u0142ytek. W tym wypadku warto poszuka\u0107 inspiracji w sklepie lub u projektant\u00f3w wn\u0119trz. Wa\u017cne jest, aby barwa p\u0142ytek dobrze komponowa\u0142a si\u0119 z pozosta\u0142ymi elementami wystroju \u0142azienki oraz uzupe\u0142nia\u0142a si\u0119 z meblami i armatur\u0105.<\/p>\n\n\n\n<p>Innym czynnikiem wp\u0142ywaj\u0105cym na wyb\u00f3r p\u0142ytek jest ich faktura. W przypadku \u0142azienek, kt\u00f3re s\u0105 nara\u017cone na wilgo\u0107 i wysok\u0105 temperatur\u0119, <strong>dobrze jest wybra\u0107 p\u0142ytki o matowej powierzchni, kt\u00f3ra b\u0119dzie skutecznie zapobiega\u0107 po\u015blizgom i uszkodzeniom<\/strong>.<\/p>\n\n\n\n<h2 class=\"wp-block-heading\">Spos\u00f3b uk\u0142adania<\/h2>\n\n\n\n<p>Na estetyk\u0119 \u0142azienki mo\u017ce wp\u0142ywa\u0107 r\u00f3wnie\u017c spos\u00f3b uk\u0142adania p\u0142ytek. Wiele os\u00f3b decyduje si\u0119 na klasyczny uk\u0142ad w formie kwadrat\u00f3w czy prostok\u0105t\u00f3w, jednak coraz cz\u0119\u015bciej mo\u017cna spotka\u0107 innowacyjne aran\u017cacje, takie jak uk\u0142ad w kszta\u0142cie m\u0142ynka czy jode\u0142ki.<\/p>\n\n\n\n<h2 class=\"wp-block-heading\">Zwr\u00f3\u0107 uwag\u0119 na cen\u0119<\/h2>\n\n\n\n<p>Opr\u00f3cz wymiar\u00f3w, koloru i faktury, wa\u017cnym czynnikiem przy wyborze p\u0142ytek jest tak\u017ce ich cena. <strong>Trzeba pami\u0119ta\u0107, \u017ce dobry jako\u015bciowo materia\u0142 zawsze b\u0119dzie kosztowa\u0142 nieco wi\u0119cej<\/strong>, ale w zamian otrzymamy p\u0142ytki trwa\u0142e i odporne na uszkodzenia, jest wi\u0119c to inwestycja na d\u0142ugie lata.<\/p>\n","protected":false},"excerpt":{"rendered":"<p>Wybieraj\u0105c p\u0142ytki do \u0142azienki, nale\u017cy si\u0119 zastanowi\u0107 nad kilkoma czynnikami. Na pocz\u0105tku, warto wzi\u0105\u0107 pod uwag\u0119 rodzaj p\u0142ytek, kt\u00f3re b\u0119d\u0105 pasowa\u0107 do stylistyki naszej \u0142azienki. Dobrym przyk\u0142adem s\u0105 dost\u0119pne w naszej ofercie p\u0142ytki \u015bcienne Salvatori, kt\u00f3re stanowi\u0105 idealny kompromis pomi\u0119dzy unikatowym designem a trwa\u0142o\u015bci\u0105. Wszystko dzi\u0119ki po\u0142\u0105czeniu kamienia naturalnego i eleganckich wzor\u00f3w.<\/p>\n","protected":false},"author":1,"featured_media":132,"comment_status":"open","ping_status":"open","sticky":false,"template":"","format":"standard","meta":{"footnotes":""},"categories":[1],"tags":[],"class_list":["post-131","post","type-post","status-publish","format-standard","has-post-thumbnail","hentry","category-bez-kategorii"],"yoast_head":"<!-- This site is optimized with the Yoast SEO plugin v20.0 - https:\/\/yoast.com\/wordpress\/plugins\/seo\/ -->\n<title>O czym g\u0142\u00f3wnie nale\u017cy pami\u0119ta\u0107, kupuj\u0105c p\u0142ytki do \u0142azienki?<\/title>\n<meta name=\"description\" content=\"Kupuj\u0105c p\u0142ytki do \u0142azienki, warto zwr\u00f3ci\u0107 uwag\u0119 m.in. na ich odpowiednie wymiary, kolor, faktur\u0119 oraz cen\u0119. Spos\u00f3b ich uk\u0142adania ma r\u00f3wnie\u017c znaczenie.\" \/>\n<meta name=\"robots\" content=\"index, follow, max-snippet:-1, max-image-preview:large, max-video-preview:-1\" \/>\n<link rel=\"canonical\" href=\"https:\/\/marradesign.pl\/blog\/co-wziac-pod-uwage-przy-wyborze-plytek-do-lazienki\/\" \/>\n<meta property=\"og:locale\" content=\"pl_PL\" \/>\n<meta property=\"og:type\" content=\"article\" \/>\n<meta property=\"og:title\" content=\"O czym g\u0142\u00f3wnie nale\u017cy pami\u0119ta\u0107, kupuj\u0105c p\u0142ytki do \u0142azienki?\" \/>\n<meta property=\"og:description\" content=\"Kupuj\u0105c p\u0142ytki do \u0142azienki, warto zwr\u00f3ci\u0107 uwag\u0119 m.in. na ich odpowiednie wymiary, kolor, faktur\u0119 oraz cen\u0119. Spos\u00f3b ich uk\u0142adania ma r\u00f3wnie\u017c znaczenie.\" \/>\n<meta property=\"og:url\" content=\"https:\/\/marradesign.pl\/blog\/co-wziac-pod-uwage-przy-wyborze-plytek-do-lazienki\/\" \/>\n<meta property=\"og:site_name\" content=\"Marra Design\" \/>\n<meta property=\"article:published_time\" content=\"2023-11-16T09:33:30+00:00\" \/>\n<meta property=\"article:modified_time\" content=\"2023-12-15T09:44:35+00:00\" \/>\n<meta property=\"og:image\" content=\"https:\/\/marradesign.pl\/blog\/wp-content\/uploads\/2023\/12\/salvatori-lazienka.webp\" \/>\n\t<meta property=\"og:image:width\" content=\"1440\" \/>\n\t<meta property=\"og:image:height\" content=\"1080\" \/>\n\t<meta property=\"og:image:type\" content=\"image\/webp\" \/>\n<meta name=\"author\" content=\"admin\" \/>\n<meta name=\"twitter:card\" content=\"summary_large_image\" \/>\n<meta name=\"twitter:label1\" content=\"Napisane przez\" \/>\n\t<meta name=\"twitter:data1\" content=\"admin\" \/>\n\t<meta name=\"twitter:label2\" content=\"Szacowany czas czytania\" \/>\n\t<meta name=\"twitter:data2\" content=\"2 minuty\" \/>\n<script type=\"application\/ld+json\" class=\"yoast-schema-graph\">{\"@context\":\"https:\/\/schema.org\",\"@graph\":[{\"@type\":\"WebPage\",\"@id\":\"https:\/\/marradesign.pl\/blog\/co-wziac-pod-uwage-przy-wyborze-plytek-do-lazienki\/\",\"url\":\"https:\/\/marradesign.pl\/blog\/co-wziac-pod-uwage-przy-wyborze-plytek-do-lazienki\/\",\"name\":\"O czym g\u0142\u00f3wnie nale\u017cy pami\u0119ta\u0107, kupuj\u0105c p\u0142ytki do \u0142azienki?\",\"isPartOf\":{\"@id\":\"https:\/\/marradesign.pl\/blog\/#website\"},\"datePublished\":\"2023-11-16T09:33:30+00:00\",\"dateModified\":\"2023-12-15T09:44:35+00:00\",\"author\":{\"@id\":\"https:\/\/marradesign.pl\/blog\/#\/schema\/person\/57692a86bee7fd53033e4b45469967d8\"},\"description\":\"Kupuj\u0105c p\u0142ytki do \u0142azienki, warto zwr\u00f3ci\u0107 uwag\u0119 m.in. na ich odpowiednie wymiary, kolor, faktur\u0119 oraz cen\u0119. Spos\u00f3b ich uk\u0142adania ma r\u00f3wnie\u017c znaczenie.\",\"breadcrumb\":{\"@id\":\"https:\/\/marradesign.pl\/blog\/co-wziac-pod-uwage-przy-wyborze-plytek-do-lazienki\/#breadcrumb\"},\"inLanguage\":\"pl-PL\",\"potentialAction\":[{\"@type\":\"ReadAction\",\"target\":[\"https:\/\/marradesign.pl\/blog\/co-wziac-pod-uwage-przy-wyborze-plytek-do-lazienki\/\"]}]},{\"@type\":\"BreadcrumbList\",\"@id\":\"https:\/\/marradesign.pl\/blog\/co-wziac-pod-uwage-przy-wyborze-plytek-do-lazienki\/#breadcrumb\",\"itemListElement\":[{\"@type\":\"ListItem\",\"position\":1,\"name\":\"Strona g\u0142\u00f3wna\",\"item\":\"https:\/\/marradesign.pl\/blog\/\"},{\"@type\":\"ListItem\",\"position\":2,\"name\":\"Co wzi\u0105\u0107 pod uwag\u0119 przy wyborze p\u0142ytek do \u0142azienki?\"}]},{\"@type\":\"WebSite\",\"@id\":\"https:\/\/marradesign.pl\/blog\/#website\",\"url\":\"https:\/\/marradesign.pl\/blog\/\",\"name\":\"Marra Design\",\"description\":\"\",\"potentialAction\":[{\"@type\":\"SearchAction\",\"target\":{\"@type\":\"EntryPoint\",\"urlTemplate\":\"https:\/\/marradesign.pl\/blog\/?s={search_term_string}\"},\"query-input\":\"required name=search_term_string\"}],\"inLanguage\":\"pl-PL\"},{\"@type\":\"Person\",\"@id\":\"https:\/\/marradesign.pl\/blog\/#\/schema\/person\/57692a86bee7fd53033e4b45469967d8\",\"name\":\"admin\",\"image\":{\"@type\":\"ImageObject\",\"inLanguage\":\"pl-PL\",\"@id\":\"https:\/\/marradesign.pl\/blog\/#\/schema\/person\/image\/\",\"url\":\"https:\/\/secure.gravatar.com\/avatar\/8ba90f968bb31cbecf6444ed388f8c5bd5d9803a1e56d3674bd89c22985e049d?s=96&d=mm&r=g\",\"contentUrl\":\"https:\/\/secure.gravatar.com\/avatar\/8ba90f968bb31cbecf6444ed388f8c5bd5d9803a1e56d3674bd89c22985e049d?s=96&d=mm&r=g\",\"caption\":\"admin\"},\"sameAs\":[\"https:\/\/marradesign.pl\/blog\"],\"url\":\"https:\/\/marradesign.pl\/blog\/author\/admin\/\"}]}<\/script>\n<!-- \/ Yoast SEO plugin. -->","yoast_head_json":{"title":"O czym g\u0142\u00f3wnie nale\u017cy pami\u0119ta\u0107, kupuj\u0105c p\u0142ytki do \u0142azienki?","description":"Kupuj\u0105c p\u0142ytki do \u0142azienki, warto zwr\u00f3ci\u0107 uwag\u0119 m.in. na ich odpowiednie wymiary, kolor, faktur\u0119 oraz cen\u0119. Spos\u00f3b ich uk\u0142adania ma r\u00f3wnie\u017c znaczenie.","robots":{"index":"index","follow":"follow","max-snippet":"max-snippet:-1","max-image-preview":"max-image-preview:large","max-video-preview":"max-video-preview:-1"},"canonical":"https:\/\/marradesign.pl\/blog\/co-wziac-pod-uwage-przy-wyborze-plytek-do-lazienki\/","og_locale":"pl_PL","og_type":"article","og_title":"O czym g\u0142\u00f3wnie nale\u017cy pami\u0119ta\u0107, kupuj\u0105c p\u0142ytki do \u0142azienki?","og_description":"Kupuj\u0105c p\u0142ytki do \u0142azienki, warto zwr\u00f3ci\u0107 uwag\u0119 m.in. na ich odpowiednie wymiary, kolor, faktur\u0119 oraz cen\u0119. Spos\u00f3b ich uk\u0142adania ma r\u00f3wnie\u017c znaczenie.","og_url":"https:\/\/marradesign.pl\/blog\/co-wziac-pod-uwage-przy-wyborze-plytek-do-lazienki\/","og_site_name":"Marra Design","article_published_time":"2023-11-16T09:33:30+00:00","article_modified_time":"2023-12-15T09:44:35+00:00","og_image":[{"width":1440,"height":1080,"url":"https:\/\/marradesign.pl\/blog\/wp-content\/uploads\/2023\/12\/salvatori-lazienka.webp","type":"image\/webp"}],"author":"admin","twitter_card":"summary_large_image","twitter_misc":{"Napisane przez":"admin","Szacowany czas czytania":"2 minuty"},"schema":{"@context":"https:\/\/schema.org","@graph":[{"@type":"WebPage","@id":"https:\/\/marradesign.pl\/blog\/co-wziac-pod-uwage-przy-wyborze-plytek-do-lazienki\/","url":"https:\/\/marradesign.pl\/blog\/co-wziac-pod-uwage-przy-wyborze-plytek-do-lazienki\/","name":"O czym g\u0142\u00f3wnie nale\u017cy pami\u0119ta\u0107, kupuj\u0105c p\u0142ytki do \u0142azienki?","isPartOf":{"@id":"https:\/\/marradesign.pl\/blog\/#website"},"datePublished":"2023-11-16T09:33:30+00:00","dateModified":"2023-12-15T09:44:35+00:00","author":{"@id":"https:\/\/marradesign.pl\/blog\/#\/schema\/person\/57692a86bee7fd53033e4b45469967d8"},"description":"Kupuj\u0105c p\u0142ytki do \u0142azienki, warto zwr\u00f3ci\u0107 uwag\u0119 m.in. na ich odpowiednie wymiary, kolor, faktur\u0119 oraz cen\u0119. Spos\u00f3b ich uk\u0142adania ma r\u00f3wnie\u017c znaczenie.","breadcrumb":{"@id":"https:\/\/marradesign.pl\/blog\/co-wziac-pod-uwage-przy-wyborze-plytek-do-lazienki\/#breadcrumb"},"inLanguage":"pl-PL","potentialAction":[{"@type":"ReadAction","target":["https:\/\/marradesign.pl\/blog\/co-wziac-pod-uwage-przy-wyborze-plytek-do-lazienki\/"]}]},{"@type":"BreadcrumbList","@id":"https:\/\/marradesign.pl\/blog\/co-wziac-pod-uwage-przy-wyborze-plytek-do-lazienki\/#breadcrumb","itemListElement":[{"@type":"ListItem","position":1,"name":"Strona g\u0142\u00f3wna","item":"https:\/\/marradesign.pl\/blog\/"},{"@type":"ListItem","position":2,"name":"Co wzi\u0105\u0107 pod uwag\u0119 przy wyborze p\u0142ytek do \u0142azienki?"}]},{"@type":"WebSite","@id":"https:\/\/marradesign.pl\/blog\/#website","url":"https:\/\/marradesign.pl\/blog\/","name":"Marra Design","description":"","potentialAction":[{"@type":"SearchAction","target":{"@type":"EntryPoint","urlTemplate":"https:\/\/marradesign.pl\/blog\/?s={search_term_string}"},"query-input":"required name=search_term_string"}],"inLanguage":"pl-PL"},{"@type":"Person","@id":"https:\/\/marradesign.pl\/blog\/#\/schema\/person\/57692a86bee7fd53033e4b45469967d8","name":"admin","image":{"@type":"ImageObject","inLanguage":"pl-PL","@id":"https:\/\/marradesign.pl\/blog\/#\/schema\/person\/image\/","url":"https:\/\/secure.gravatar.com\/avatar\/8ba90f968bb31cbecf6444ed388f8c5bd5d9803a1e56d3674bd89c22985e049d?s=96&d=mm&r=g","contentUrl":"https:\/\/secure.gravatar.com\/avatar\/8ba90f968bb31cbecf6444ed388f8c5bd5d9803a1e56d3674bd89c22985e049d?s=96&d=mm&r=g","caption":"admin"},"sameAs":["https:\/\/marradesign.pl\/blog"],"url":"https:\/\/marradesign.pl\/blog\/author\/admin\/"}]}},"_links":{"self":[{"href":"https:\/\/marradesign.pl\/blog\/wp-json\/wp\/v2\/posts\/131","targetHints":{"allow":["GET"]}}],"collection":[{"href":"https:\/\/marradesign.pl\/blog\/wp-json\/wp\/v2\/posts"}],"about":[{"href":"https:\/\/marradesign.pl\/blog\/wp-json\/wp\/v2\/types\/post"}],"author":[{"embeddable":true,"href":"https:\/\/marradesign.pl\/blog\/wp-json\/wp\/v2\/users\/1"}],"replies":[{"embeddable":true,"href":"https:\/\/marradesign.pl\/blog\/wp-json\/wp\/v2\/comments?post=131"}],"version-history":[{"count":1,"href":"https:\/\/marradesign.pl\/blog\/wp-json\/wp\/v2\/posts\/131\/revisions"}],"predecessor-version":[{"id":133,"href":"https:\/\/marradesign.pl\/blog\/wp-json\/wp\/v2\/posts\/131\/revisions\/133"}],"wp:featuredmedia":[{"embeddable":true,"href":"https:\/\/marradesign.pl\/blog\/wp-json\/wp\/v2\/media\/132"}],"wp:attachment":[{"href":"https:\/\/marradesign.pl\/blog\/wp-json\/wp\/v2\/media?parent=131"}],"wp:term":[{"taxonomy":"category","embeddable":true,"href":"https:\/\/marradesign.pl\/blog\/wp-json\/wp\/v2\/categories?post=131"},{"taxonomy":"post_tag","embeddable":true,"href":"https:\/\/marradesign.pl\/blog\/wp-json\/wp\/v2\/tags?post=131"}],"curies":[{"name":"wp","href":"https:\/\/api.w.org\/{rel}","templated":true}]}}