{"id":127,"date":"2023-10-16T09:23:34","date_gmt":"2023-10-16T07:23:34","guid":{"rendered":"https:\/\/marradesign.pl\/blog\/?p=127"},"modified":"2023-11-29T09:30:16","modified_gmt":"2023-11-29T08:30:16","slug":"bledy-przy-aranzacji-lazienki-czego-sie-wystrzegac","status":"publish","type":"post","link":"https:\/\/marradesign.pl\/blog\/bledy-przy-aranzacji-lazienki-czego-sie-wystrzegac\/","title":{"rendered":"B\u0142\u0119dy przy aran\u017cacji \u0142azienki. Czego si\u0119 wystrzega\u0107?"},"content":{"rendered":"\n<p>Aran\u017cacja \u0142azienki mo\u017ce by\u0107 ekscytuj\u0105cym, a jednocze\u015bnie pe\u0142nym wyzwa\u0144 projektem. Na pocz\u0105tku nale\u017cy pami\u0119ta\u0107 o tym, \u017ce w\u0142a\u015bciwe zaplanowanie wystroju wn\u0119trza sprawi, \u017ce pomieszczenie przez d\u0142ugi czas b\u0119dzie funkcjonalne. Jednym z najwa\u017cniejszych element\u00f3w wystroju s\u0105 oczywi\u015bcie meble. <strong>Warto tu postawi\u0107 na ciekaw\u0105 estetyk\u0119 i odpowiedni standard wykonania<\/strong>. Dobrym tego przyk\u0142adem s\u0105 m.in. <a href=\"https:\/\/marradesign.pl\/oferta\/meble-lazienkowe\">meble \u0142azienkowe Karol Italia<\/a>, a tak\u017ce kabiny prysznicowe i wanny tej marki, kt\u00f3re kojarz\u0105 si\u0119 z wysok\u0105 jako\u015bci\u0105 i nowoczesnym designem. Pami\u0119tajmy jednak o tym, \u017ce zakup nawet najlepszych mebli mo\u017ce okaza\u0107 si\u0119 nieskuteczny, je\u015bli pope\u0142nimy kilka b\u0142\u0119d\u00f3w.<\/p>\n\n\n\n<!--more-->\n\n\n\n<h2 class=\"wp-block-heading\">Niew\u0142a\u015bciwe wykorzystanie przestrzeni<\/h2>\n\n\n\n<p>Niezale\u017cnie od rozmiaru \u0142azienki, wa\u017cne jest, aby dok\u0142adnie przemy\u015ble\u0107 jej uk\u0142ad. <strong>Warto pami\u0119ta\u0107 o zapewnieniu wystarczaj\u0105cej ilo\u015bci miejsca na wszelkie sprz\u0119ty i dodatki, takie jak pralka czy szafki na kosmetyki<\/strong>, tak aby przebywanie w pomieszczeniu by\u0142o w pe\u0142ni komfortowe dla wszystkich mieszka\u0144c\u00f3w i go\u015bci.<\/p>\n\n\n\n<h2 class=\"wp-block-heading\">Z\u0142e do\u015bwietlenie<\/h2>\n\n\n\n<p>Zbyt ciemne wn\u0119trze mo\u017ce by\u0107 niepraktyczne i wp\u0142ywa\u0107 negatywnie na komfort korzystania z \u0142azienki. Kluczowe jest zastosowanie odpowiednich \u017ar\u00f3de\u0142 \u015bwiat\u0142a \u2013 zar\u00f3wno og\u00f3lnego, jak i punktowego, np. przy lustrze czy wannie.<\/p>\n\n\n\n<h2 class=\"wp-block-heading\">Niew\u0142a\u015bciwe materia\u0142y<\/h2>\n\n\n\n<p>Wyb\u00f3r materia\u0142\u00f3w do \u0142azienki ma ogromne znaczenie dla jej wygl\u0105du i trwa\u0142o\u015bci. <strong>Nale\u017cy unika\u0107 stosowania materia\u0142\u00f3w niewodoodpornych czy podatnych na wilgo\u0107<\/strong>, takich jak nieimpregnowane drewno czy standardowa farba. Zamiast tego lepiej zainwestowa\u0107 w ceramik\u0119, p\u0142ytki czy specjalne panele \u015bcienne przeznaczone do \u0142azienek.<\/p>\n\n\n\n<h2 class=\"wp-block-heading\">Brak sp\u00f3jno\u015bci stylistycznej<\/h2>\n\n\n\n<p>Ostatni b\u0142\u0105d, kt\u00f3ry warto om\u00f3wi\u0107, dotyczy sp\u00f3jno\u015bci stylistycznej \u0142azienki. Niezdecydowanie lub mieszanie r\u00f3\u017cnych styl\u00f3w mo\u017ce prowadzi\u0107 do chaosu wizualnego i sprawi\u0107, \u017ce pomieszczenie b\u0119dzie nieprzyjemne dla oka. Dobrym rozwi\u0105zaniem jest opracowanie koncepcji aran\u017cacji jeszcze przed przyst\u0105pieniem do prac remontowych.<\/p>\n","protected":false},"excerpt":{"rendered":"<p>Aran\u017cacja \u0142azienki mo\u017ce by\u0107 ekscytuj\u0105cym, a jednocze\u015bnie pe\u0142nym wyzwa\u0144 projektem. Na pocz\u0105tku nale\u017cy pami\u0119ta\u0107 o tym, \u017ce w\u0142a\u015bciwe zaplanowanie wystroju wn\u0119trza sprawi, \u017ce pomieszczenie przez d\u0142ugi czas b\u0119dzie funkcjonalne. Jednym z najwa\u017cniejszych element\u00f3w wystroju s\u0105 oczywi\u015bcie meble. Warto tu postawi\u0107 na ciekaw\u0105 estetyk\u0119 i odpowiedni standard wykonania. Dobrym tego przyk\u0142adem s\u0105 m.in. meble \u0142azienkowe Karol Italia, a tak\u017ce kabiny prysznicowe i wanny tej marki, kt\u00f3re kojarz\u0105 si\u0119 z wysok\u0105 jako\u015bci\u0105 i nowoczesnym designem. Pami\u0119tajmy jednak o tym, \u017ce zakup nawet najlepszych mebli mo\u017ce okaza\u0107 si\u0119 nieskuteczny, je\u015bli pope\u0142nimy kilka b\u0142\u0119d\u00f3w.<\/p>\n","protected":false},"author":1,"featured_media":128,"comment_status":"open","ping_status":"open","sticky":false,"template":"","format":"standard","meta":{"footnotes":""},"categories":[1],"tags":[],"class_list":["post-127","post","type-post","status-publish","format-standard","has-post-thumbnail","hentry","category-bez-kategorii"],"yoast_head":"<!-- This site is optimized with the Yoast SEO plugin v20.0 - https:\/\/yoast.com\/wordpress\/plugins\/seo\/ -->\n<title>Jakich b\u0142\u0119d\u00f3w nale\u017cy unika\u0107, aran\u017cuj\u0105c wn\u0119trze \u0142azienki?<\/title>\n<meta name=\"description\" content=\"Aran\u017cuj\u0105c \u0142azienk\u0119, nale\u017cy unika\u0107 b\u0142\u0119d\u00f3w zwi\u0105zanych z nieprawid\u0142owym wykorzystaniem przestrzeni, a tak\u017ce z\u0142ego o\u015bwietlenia oraz materia\u0142\u00f3w w\u0105tpliwej jako\u015bci.\" \/>\n<meta name=\"robots\" content=\"index, follow, max-snippet:-1, max-image-preview:large, max-video-preview:-1\" \/>\n<link rel=\"canonical\" href=\"https:\/\/marradesign.pl\/blog\/bledy-przy-aranzacji-lazienki-czego-sie-wystrzegac\/\" \/>\n<meta property=\"og:locale\" content=\"pl_PL\" \/>\n<meta property=\"og:type\" content=\"article\" \/>\n<meta property=\"og:title\" content=\"Jakich b\u0142\u0119d\u00f3w nale\u017cy unika\u0107, aran\u017cuj\u0105c wn\u0119trze \u0142azienki?\" \/>\n<meta property=\"og:description\" content=\"Aran\u017cuj\u0105c \u0142azienk\u0119, nale\u017cy unika\u0107 b\u0142\u0119d\u00f3w zwi\u0105zanych z nieprawid\u0142owym wykorzystaniem przestrzeni, a tak\u017ce z\u0142ego o\u015bwietlenia oraz materia\u0142\u00f3w w\u0105tpliwej jako\u015bci.\" \/>\n<meta property=\"og:url\" content=\"https:\/\/marradesign.pl\/blog\/bledy-przy-aranzacji-lazienki-czego-sie-wystrzegac\/\" \/>\n<meta property=\"og:site_name\" content=\"Marra Design\" \/>\n<meta property=\"article:published_time\" content=\"2023-10-16T07:23:34+00:00\" \/>\n<meta property=\"article:modified_time\" content=\"2023-11-29T08:30:16+00:00\" \/>\n<meta property=\"og:image\" content=\"https:\/\/marradesign.pl\/blog\/wp-content\/uploads\/2023\/11\/umywalka-w-lazience.webp\" \/>\n\t<meta property=\"og:image:width\" content=\"1440\" \/>\n\t<meta property=\"og:image:height\" content=\"959\" \/>\n\t<meta property=\"og:image:type\" content=\"image\/webp\" \/>\n<meta name=\"author\" content=\"admin\" \/>\n<meta name=\"twitter:card\" content=\"summary_large_image\" \/>\n<meta name=\"twitter:label1\" content=\"Napisane przez\" \/>\n\t<meta name=\"twitter:data1\" content=\"admin\" \/>\n\t<meta name=\"twitter:label2\" content=\"Szacowany czas czytania\" \/>\n\t<meta name=\"twitter:data2\" content=\"2 minuty\" \/>\n<script type=\"application\/ld+json\" class=\"yoast-schema-graph\">{\"@context\":\"https:\/\/schema.org\",\"@graph\":[{\"@type\":\"WebPage\",\"@id\":\"https:\/\/marradesign.pl\/blog\/bledy-przy-aranzacji-lazienki-czego-sie-wystrzegac\/\",\"url\":\"https:\/\/marradesign.pl\/blog\/bledy-przy-aranzacji-lazienki-czego-sie-wystrzegac\/\",\"name\":\"Jakich b\u0142\u0119d\u00f3w nale\u017cy unika\u0107, aran\u017cuj\u0105c wn\u0119trze \u0142azienki?\",\"isPartOf\":{\"@id\":\"https:\/\/marradesign.pl\/blog\/#website\"},\"datePublished\":\"2023-10-16T07:23:34+00:00\",\"dateModified\":\"2023-11-29T08:30:16+00:00\",\"author\":{\"@id\":\"https:\/\/marradesign.pl\/blog\/#\/schema\/person\/57692a86bee7fd53033e4b45469967d8\"},\"description\":\"Aran\u017cuj\u0105c \u0142azienk\u0119, nale\u017cy unika\u0107 b\u0142\u0119d\u00f3w zwi\u0105zanych z nieprawid\u0142owym wykorzystaniem przestrzeni, a tak\u017ce z\u0142ego o\u015bwietlenia oraz materia\u0142\u00f3w w\u0105tpliwej jako\u015bci.\",\"breadcrumb\":{\"@id\":\"https:\/\/marradesign.pl\/blog\/bledy-przy-aranzacji-lazienki-czego-sie-wystrzegac\/#breadcrumb\"},\"inLanguage\":\"pl-PL\",\"potentialAction\":[{\"@type\":\"ReadAction\",\"target\":[\"https:\/\/marradesign.pl\/blog\/bledy-przy-aranzacji-lazienki-czego-sie-wystrzegac\/\"]}]},{\"@type\":\"BreadcrumbList\",\"@id\":\"https:\/\/marradesign.pl\/blog\/bledy-przy-aranzacji-lazienki-czego-sie-wystrzegac\/#breadcrumb\",\"itemListElement\":[{\"@type\":\"ListItem\",\"position\":1,\"name\":\"Strona g\u0142\u00f3wna\",\"item\":\"https:\/\/marradesign.pl\/blog\/\"},{\"@type\":\"ListItem\",\"position\":2,\"name\":\"B\u0142\u0119dy przy aran\u017cacji \u0142azienki. Czego si\u0119 wystrzega\u0107?\"}]},{\"@type\":\"WebSite\",\"@id\":\"https:\/\/marradesign.pl\/blog\/#website\",\"url\":\"https:\/\/marradesign.pl\/blog\/\",\"name\":\"Marra Design\",\"description\":\"\",\"potentialAction\":[{\"@type\":\"SearchAction\",\"target\":{\"@type\":\"EntryPoint\",\"urlTemplate\":\"https:\/\/marradesign.pl\/blog\/?s={search_term_string}\"},\"query-input\":\"required name=search_term_string\"}],\"inLanguage\":\"pl-PL\"},{\"@type\":\"Person\",\"@id\":\"https:\/\/marradesign.pl\/blog\/#\/schema\/person\/57692a86bee7fd53033e4b45469967d8\",\"name\":\"admin\",\"image\":{\"@type\":\"ImageObject\",\"inLanguage\":\"pl-PL\",\"@id\":\"https:\/\/marradesign.pl\/blog\/#\/schema\/person\/image\/\",\"url\":\"https:\/\/secure.gravatar.com\/avatar\/8ba90f968bb31cbecf6444ed388f8c5bd5d9803a1e56d3674bd89c22985e049d?s=96&d=mm&r=g\",\"contentUrl\":\"https:\/\/secure.gravatar.com\/avatar\/8ba90f968bb31cbecf6444ed388f8c5bd5d9803a1e56d3674bd89c22985e049d?s=96&d=mm&r=g\",\"caption\":\"admin\"},\"sameAs\":[\"https:\/\/marradesign.pl\/blog\"],\"url\":\"https:\/\/marradesign.pl\/blog\/author\/admin\/\"}]}<\/script>\n<!-- \/ Yoast SEO plugin. -->","yoast_head_json":{"title":"Jakich b\u0142\u0119d\u00f3w nale\u017cy unika\u0107, aran\u017cuj\u0105c wn\u0119trze \u0142azienki?","description":"Aran\u017cuj\u0105c \u0142azienk\u0119, nale\u017cy unika\u0107 b\u0142\u0119d\u00f3w zwi\u0105zanych z nieprawid\u0142owym wykorzystaniem przestrzeni, a tak\u017ce z\u0142ego o\u015bwietlenia oraz materia\u0142\u00f3w w\u0105tpliwej jako\u015bci.","robots":{"index":"index","follow":"follow","max-snippet":"max-snippet:-1","max-image-preview":"max-image-preview:large","max-video-preview":"max-video-preview:-1"},"canonical":"https:\/\/marradesign.pl\/blog\/bledy-przy-aranzacji-lazienki-czego-sie-wystrzegac\/","og_locale":"pl_PL","og_type":"article","og_title":"Jakich b\u0142\u0119d\u00f3w nale\u017cy unika\u0107, aran\u017cuj\u0105c wn\u0119trze \u0142azienki?","og_description":"Aran\u017cuj\u0105c \u0142azienk\u0119, nale\u017cy unika\u0107 b\u0142\u0119d\u00f3w zwi\u0105zanych z nieprawid\u0142owym wykorzystaniem przestrzeni, a tak\u017ce z\u0142ego o\u015bwietlenia oraz materia\u0142\u00f3w w\u0105tpliwej jako\u015bci.","og_url":"https:\/\/marradesign.pl\/blog\/bledy-przy-aranzacji-lazienki-czego-sie-wystrzegac\/","og_site_name":"Marra Design","article_published_time":"2023-10-16T07:23:34+00:00","article_modified_time":"2023-11-29T08:30:16+00:00","og_image":[{"width":1440,"height":959,"url":"https:\/\/marradesign.pl\/blog\/wp-content\/uploads\/2023\/11\/umywalka-w-lazience.webp","type":"image\/webp"}],"author":"admin","twitter_card":"summary_large_image","twitter_misc":{"Napisane przez":"admin","Szacowany czas czytania":"2 minuty"},"schema":{"@context":"https:\/\/schema.org","@graph":[{"@type":"WebPage","@id":"https:\/\/marradesign.pl\/blog\/bledy-przy-aranzacji-lazienki-czego-sie-wystrzegac\/","url":"https:\/\/marradesign.pl\/blog\/bledy-przy-aranzacji-lazienki-czego-sie-wystrzegac\/","name":"Jakich b\u0142\u0119d\u00f3w nale\u017cy unika\u0107, aran\u017cuj\u0105c wn\u0119trze \u0142azienki?","isPartOf":{"@id":"https:\/\/marradesign.pl\/blog\/#website"},"datePublished":"2023-10-16T07:23:34+00:00","dateModified":"2023-11-29T08:30:16+00:00","author":{"@id":"https:\/\/marradesign.pl\/blog\/#\/schema\/person\/57692a86bee7fd53033e4b45469967d8"},"description":"Aran\u017cuj\u0105c \u0142azienk\u0119, nale\u017cy unika\u0107 b\u0142\u0119d\u00f3w zwi\u0105zanych z nieprawid\u0142owym wykorzystaniem przestrzeni, a tak\u017ce z\u0142ego o\u015bwietlenia oraz materia\u0142\u00f3w w\u0105tpliwej jako\u015bci.","breadcrumb":{"@id":"https:\/\/marradesign.pl\/blog\/bledy-przy-aranzacji-lazienki-czego-sie-wystrzegac\/#breadcrumb"},"inLanguage":"pl-PL","potentialAction":[{"@type":"ReadAction","target":["https:\/\/marradesign.pl\/blog\/bledy-przy-aranzacji-lazienki-czego-sie-wystrzegac\/"]}]},{"@type":"BreadcrumbList","@id":"https:\/\/marradesign.pl\/blog\/bledy-przy-aranzacji-lazienki-czego-sie-wystrzegac\/#breadcrumb","itemListElement":[{"@type":"ListItem","position":1,"name":"Strona g\u0142\u00f3wna","item":"https:\/\/marradesign.pl\/blog\/"},{"@type":"ListItem","position":2,"name":"B\u0142\u0119dy przy aran\u017cacji \u0142azienki. Czego si\u0119 wystrzega\u0107?"}]},{"@type":"WebSite","@id":"https:\/\/marradesign.pl\/blog\/#website","url":"https:\/\/marradesign.pl\/blog\/","name":"Marra Design","description":"","potentialAction":[{"@type":"SearchAction","target":{"@type":"EntryPoint","urlTemplate":"https:\/\/marradesign.pl\/blog\/?s={search_term_string}"},"query-input":"required name=search_term_string"}],"inLanguage":"pl-PL"},{"@type":"Person","@id":"https:\/\/marradesign.pl\/blog\/#\/schema\/person\/57692a86bee7fd53033e4b45469967d8","name":"admin","image":{"@type":"ImageObject","inLanguage":"pl-PL","@id":"https:\/\/marradesign.pl\/blog\/#\/schema\/person\/image\/","url":"https:\/\/secure.gravatar.com\/avatar\/8ba90f968bb31cbecf6444ed388f8c5bd5d9803a1e56d3674bd89c22985e049d?s=96&d=mm&r=g","contentUrl":"https:\/\/secure.gravatar.com\/avatar\/8ba90f968bb31cbecf6444ed388f8c5bd5d9803a1e56d3674bd89c22985e049d?s=96&d=mm&r=g","caption":"admin"},"sameAs":["https:\/\/marradesign.pl\/blog"],"url":"https:\/\/marradesign.pl\/blog\/author\/admin\/"}]}},"_links":{"self":[{"href":"https:\/\/marradesign.pl\/blog\/wp-json\/wp\/v2\/posts\/127","targetHints":{"allow":["GET"]}}],"collection":[{"href":"https:\/\/marradesign.pl\/blog\/wp-json\/wp\/v2\/posts"}],"about":[{"href":"https:\/\/marradesign.pl\/blog\/wp-json\/wp\/v2\/types\/post"}],"author":[{"embeddable":true,"href":"https:\/\/marradesign.pl\/blog\/wp-json\/wp\/v2\/users\/1"}],"replies":[{"embeddable":true,"href":"https:\/\/marradesign.pl\/blog\/wp-json\/wp\/v2\/comments?post=127"}],"version-history":[{"count":1,"href":"https:\/\/marradesign.pl\/blog\/wp-json\/wp\/v2\/posts\/127\/revisions"}],"predecessor-version":[{"id":129,"href":"https:\/\/marradesign.pl\/blog\/wp-json\/wp\/v2\/posts\/127\/revisions\/129"}],"wp:featuredmedia":[{"embeddable":true,"href":"https:\/\/marradesign.pl\/blog\/wp-json\/wp\/v2\/media\/128"}],"wp:attachment":[{"href":"https:\/\/marradesign.pl\/blog\/wp-json\/wp\/v2\/media?parent=127"}],"wp:term":[{"taxonomy":"category","embeddable":true,"href":"https:\/\/marradesign.pl\/blog\/wp-json\/wp\/v2\/categories?post=127"},{"taxonomy":"post_tag","embeddable":true,"href":"https:\/\/marradesign.pl\/blog\/wp-json\/wp\/v2\/tags?post=127"}],"curies":[{"name":"wp","href":"https:\/\/api.w.org\/{rel}","templated":true}]}}