{"id":103,"date":"2023-05-08T09:05:26","date_gmt":"2023-05-08T07:05:26","guid":{"rendered":"https:\/\/marradesign.pl\/blog\/?p=103"},"modified":"2023-06-21T09:19:27","modified_gmt":"2023-06-21T07:19:27","slug":"kolor-armatury-lazienkowej-detal-ktory-ma-znaczenie","status":"publish","type":"post","link":"https:\/\/marradesign.pl\/blog\/kolor-armatury-lazienkowej-detal-ktory-ma-znaczenie\/","title":{"rendered":"Kolor armatury \u0142azienkowej \u2013 detal, kt\u00f3ry ma znaczenie"},"content":{"rendered":"\n<p>Zar\u00f3wno w trakcie remontu \u0142azienki, jak i jej aran\u017cowania od podstaw przychodzi w ko\u0144cu czas na <strong>podj\u0119cie decyzji zwi\u0105zanej z wyborem koloru armatury \u0142azienkowej<\/strong>. Jest to kwestia warta szczeg\u00f3\u0142owych przemy\u015ble\u0144, poniewa\u017c takie elementy wyposa\u017cenia jak m.in. baterie umywalkowe, czy kabina prysznicowa maj\u0105 s\u0142u\u017cy\u0107 przez wiele lat, a ponadto jako jedne z pierwszych rzucaj\u0105 si\u0119 w oczy.<\/p>\n\n\n\n<!--more-->\n\n\n\n<p><strong>Armatura \u0142azienkowa powinna by\u0107 wizualnie i stylistycznie dopasowana do reszty wystroju<\/strong>. To detal, kt\u00f3ry jest istotny i znacz\u0105co wp\u0142ywa na wygl\u0105d pomieszczenia. Dobieraj\u0105c odpowiednie odcienie wyposa\u017cenia, masz r\u00f3wnie\u017c wp\u0142yw na optyczne powi\u0119kszenie \u0142azienki \u2013 to jeden z najprostszych sposob\u00f3w cz\u0119sto skuteczny w przypadku pomieszcze\u0144 sanitarnych o ma\u0142ym metra\u017cu<strong>. Dobrane z kolorystycznym wyczuciem umywalki lub baterie \u0142azienkowe<\/strong> naprawd\u0119 mog\u0105 pod tym wzgl\u0119dem pozytywnie zaskoczy\u0107. <a href=\"https:\/\/marradesign.pl\/oferta\/armatura-lazienkowa\">Armatur\u0119 \u0142azienkow\u0105<\/a>, kt\u00f3ra jest luksusowa, trwa\u0142a i kompatybilna z wieloma aran\u017cacjami wn\u0119trz, znajdziesz tak\u017ce w naszym sklepie.<\/p>\n\n\n\n<p>Je\u015bli cenisz klasyczne rozwi\u0105zania, warto postawi\u0107 na baterie chromowane, kt\u00f3re od wielu ju\u017c dekad kr\u00f3luj\u0105 w \u0142azienkach. Ich uniwersalno\u015b\u0107 i ponadczasowo\u015b\u0107 uzasadniona jest \u0142atwym dopasowaniem do wi\u0119kszo\u015bci tego typu pomieszcze\u0144 urz\u0105dzonych w tradycyjnym stylu.<\/p>\n\n\n\n<p><strong>A co, je\u015bli jednak chcesz urz\u0105dzi\u0107 \u0142azienk\u0119 w mniej szablonowy spos\u00f3b?<\/strong> Jak najbardziej nie musisz si\u0119 ogranicza\u0107 jedynie do chromowanych produkt\u00f3w. Dzisiaj jest \u0142atwy dost\u0119p do nawet najbardziej wyrafinowanej armatury \u0142azienkowej, a jej producenci prze\u015bcigaj\u0105 si\u0119 w \u0142\u0105czeniu nowoczesnego designu z funkcjonalno\u015bci\u0105.<\/p>\n\n\n\n<h2 class=\"wp-block-heading\">Odpowiednia kolorystyka to klucz do unikatowego wystroju wn\u0119trza<\/h2>\n\n\n\n<p>Je\u015bli urz\u0105dzanie \u0142azienki wed\u0142ug sprawdzonych motyw\u00f3w designerskich nie jest do ko\u0144ca dla Ciebie, mamy kilka innych propozycji zwi\u0105zanych z kolorystyk\u0105. Je\u015bli Twoja \u0142azienka ma by\u0107 zaaran\u017cowana w:<\/p>\n\n\n\n<ul class=\"wp-block-list\">\n<li>stylu glamour \u2013 wybierz baterie umywalkowe oraz inne akcesoria w kolorze z\u0142otym,<\/li>\n\n\n\n<li>stylu vintage i retro \u2013 <strong>br\u0105zowe i miedziane odcienie armatury <\/strong>z pewno\u015bci\u0105 nadadz\u0105 \u0142azience niepowtarzalnego klimatu,<\/li>\n\n\n\n<li>stylu industrialnym \u2013 tu z kolei sprawdz\u0105 si\u0119 ciemne kolory, kt\u00f3re w po\u0142\u0105czeniu z minimalizmem i odpowiednimi proporcjami surowo\u015bci mog\u0105 da\u0107 naprawd\u0119 interesuj\u0105cy efekt,<\/li>\n\n\n\n<li>w stylu skandynawskim \u2013 bia\u0142y kolor jest najlepszym wyborem. Dzia\u0142a koj\u0105co i wprowadza w mi\u0142y nastr\u00f3j.<\/li>\n<\/ul>\n","protected":false},"excerpt":{"rendered":"<p>Zar\u00f3wno w trakcie remontu \u0142azienki, jak i jej aran\u017cowania od podstaw przychodzi w ko\u0144cu czas na podj\u0119cie decyzji zwi\u0105zanej z wyborem koloru armatury \u0142azienkowej. Jest to kwestia warta szczeg\u00f3\u0142owych przemy\u015ble\u0144, poniewa\u017c takie elementy wyposa\u017cenia jak m.in. baterie umywalkowe, czy kabina prysznicowa maj\u0105 s\u0142u\u017cy\u0107 przez wiele lat, a ponadto jako jedne z pierwszych rzucaj\u0105 si\u0119 w oczy.<\/p>\n","protected":false},"author":1,"featured_media":104,"comment_status":"open","ping_status":"open","sticky":false,"template":"","format":"standard","meta":{"footnotes":""},"categories":[1],"tags":[],"class_list":["post-103","post","type-post","status-publish","format-standard","has-post-thumbnail","hentry","category-bez-kategorii"],"yoast_head":"<!-- This site is optimized with the Yoast SEO plugin v20.0 - https:\/\/yoast.com\/wordpress\/plugins\/seo\/ -->\n<title>Czy urz\u0105dzaj\u0105c \u0142azienk\u0119, nale\u017cy wzi\u0105\u0107 pod uwag\u0119 kolor armatury?<\/title>\n<meta name=\"description\" content=\"Odpowiedni kolor armatury \u0142azienkowej to wa\u017cny czynnik wp\u0142ywaj\u0105cy na w\u0142a\u015bciwe zaaran\u017cowanie pomieszczenia. Wi\u0119cej na ten temat przeczytasz w naszym tek\u015bcie.\" \/>\n<meta name=\"robots\" content=\"index, follow, max-snippet:-1, max-image-preview:large, max-video-preview:-1\" \/>\n<link rel=\"canonical\" href=\"https:\/\/marradesign.pl\/blog\/kolor-armatury-lazienkowej-detal-ktory-ma-znaczenie\/\" \/>\n<meta property=\"og:locale\" content=\"pl_PL\" \/>\n<meta property=\"og:type\" content=\"article\" \/>\n<meta property=\"og:title\" content=\"Czy urz\u0105dzaj\u0105c \u0142azienk\u0119, nale\u017cy wzi\u0105\u0107 pod uwag\u0119 kolor armatury?\" \/>\n<meta property=\"og:description\" content=\"Odpowiedni kolor armatury \u0142azienkowej to wa\u017cny czynnik wp\u0142ywaj\u0105cy na w\u0142a\u015bciwe zaaran\u017cowanie pomieszczenia. Wi\u0119cej na ten temat przeczytasz w naszym tek\u015bcie.\" \/>\n<meta property=\"og:url\" content=\"https:\/\/marradesign.pl\/blog\/kolor-armatury-lazienkowej-detal-ktory-ma-znaczenie\/\" \/>\n<meta property=\"og:site_name\" content=\"Marra Design\" \/>\n<meta property=\"article:published_time\" content=\"2023-05-08T07:05:26+00:00\" \/>\n<meta property=\"article:modified_time\" content=\"2023-06-21T07:19:27+00:00\" \/>\n<meta property=\"og:image\" content=\"https:\/\/marradesign.pl\/blog\/wp-content\/uploads\/2023\/06\/armatura-do-lazienki.jpg\" \/>\n\t<meta property=\"og:image:width\" content=\"1440\" \/>\n\t<meta property=\"og:image:height\" content=\"858\" \/>\n\t<meta property=\"og:image:type\" content=\"image\/jpeg\" \/>\n<meta name=\"author\" content=\"admin\" \/>\n<meta name=\"twitter:card\" content=\"summary_large_image\" \/>\n<meta name=\"twitter:label1\" content=\"Napisane przez\" \/>\n\t<meta name=\"twitter:data1\" content=\"admin\" \/>\n\t<meta name=\"twitter:label2\" content=\"Szacowany czas czytania\" \/>\n\t<meta name=\"twitter:data2\" content=\"2 minuty\" \/>\n<script type=\"application\/ld+json\" class=\"yoast-schema-graph\">{\"@context\":\"https:\/\/schema.org\",\"@graph\":[{\"@type\":\"WebPage\",\"@id\":\"https:\/\/marradesign.pl\/blog\/kolor-armatury-lazienkowej-detal-ktory-ma-znaczenie\/\",\"url\":\"https:\/\/marradesign.pl\/blog\/kolor-armatury-lazienkowej-detal-ktory-ma-znaczenie\/\",\"name\":\"Czy urz\u0105dzaj\u0105c \u0142azienk\u0119, nale\u017cy wzi\u0105\u0107 pod uwag\u0119 kolor armatury?\",\"isPartOf\":{\"@id\":\"https:\/\/marradesign.pl\/blog\/#website\"},\"datePublished\":\"2023-05-08T07:05:26+00:00\",\"dateModified\":\"2023-06-21T07:19:27+00:00\",\"author\":{\"@id\":\"https:\/\/marradesign.pl\/blog\/#\/schema\/person\/57692a86bee7fd53033e4b45469967d8\"},\"description\":\"Odpowiedni kolor armatury \u0142azienkowej to wa\u017cny czynnik wp\u0142ywaj\u0105cy na w\u0142a\u015bciwe zaaran\u017cowanie pomieszczenia. Wi\u0119cej na ten temat przeczytasz w naszym tek\u015bcie.\",\"breadcrumb\":{\"@id\":\"https:\/\/marradesign.pl\/blog\/kolor-armatury-lazienkowej-detal-ktory-ma-znaczenie\/#breadcrumb\"},\"inLanguage\":\"pl-PL\",\"potentialAction\":[{\"@type\":\"ReadAction\",\"target\":[\"https:\/\/marradesign.pl\/blog\/kolor-armatury-lazienkowej-detal-ktory-ma-znaczenie\/\"]}]},{\"@type\":\"BreadcrumbList\",\"@id\":\"https:\/\/marradesign.pl\/blog\/kolor-armatury-lazienkowej-detal-ktory-ma-znaczenie\/#breadcrumb\",\"itemListElement\":[{\"@type\":\"ListItem\",\"position\":1,\"name\":\"Strona g\u0142\u00f3wna\",\"item\":\"https:\/\/marradesign.pl\/blog\/\"},{\"@type\":\"ListItem\",\"position\":2,\"name\":\"Kolor armatury \u0142azienkowej \u2013 detal, kt\u00f3ry ma znaczenie\"}]},{\"@type\":\"WebSite\",\"@id\":\"https:\/\/marradesign.pl\/blog\/#website\",\"url\":\"https:\/\/marradesign.pl\/blog\/\",\"name\":\"Marra Design\",\"description\":\"\",\"potentialAction\":[{\"@type\":\"SearchAction\",\"target\":{\"@type\":\"EntryPoint\",\"urlTemplate\":\"https:\/\/marradesign.pl\/blog\/?s={search_term_string}\"},\"query-input\":\"required name=search_term_string\"}],\"inLanguage\":\"pl-PL\"},{\"@type\":\"Person\",\"@id\":\"https:\/\/marradesign.pl\/blog\/#\/schema\/person\/57692a86bee7fd53033e4b45469967d8\",\"name\":\"admin\",\"image\":{\"@type\":\"ImageObject\",\"inLanguage\":\"pl-PL\",\"@id\":\"https:\/\/marradesign.pl\/blog\/#\/schema\/person\/image\/\",\"url\":\"https:\/\/secure.gravatar.com\/avatar\/8ba90f968bb31cbecf6444ed388f8c5bd5d9803a1e56d3674bd89c22985e049d?s=96&d=mm&r=g\",\"contentUrl\":\"https:\/\/secure.gravatar.com\/avatar\/8ba90f968bb31cbecf6444ed388f8c5bd5d9803a1e56d3674bd89c22985e049d?s=96&d=mm&r=g\",\"caption\":\"admin\"},\"sameAs\":[\"https:\/\/marradesign.pl\/blog\"],\"url\":\"https:\/\/marradesign.pl\/blog\/author\/admin\/\"}]}<\/script>\n<!-- \/ Yoast SEO plugin. -->","yoast_head_json":{"title":"Czy urz\u0105dzaj\u0105c \u0142azienk\u0119, nale\u017cy wzi\u0105\u0107 pod uwag\u0119 kolor armatury?","description":"Odpowiedni kolor armatury \u0142azienkowej to wa\u017cny czynnik wp\u0142ywaj\u0105cy na w\u0142a\u015bciwe zaaran\u017cowanie pomieszczenia. Wi\u0119cej na ten temat przeczytasz w naszym tek\u015bcie.","robots":{"index":"index","follow":"follow","max-snippet":"max-snippet:-1","max-image-preview":"max-image-preview:large","max-video-preview":"max-video-preview:-1"},"canonical":"https:\/\/marradesign.pl\/blog\/kolor-armatury-lazienkowej-detal-ktory-ma-znaczenie\/","og_locale":"pl_PL","og_type":"article","og_title":"Czy urz\u0105dzaj\u0105c \u0142azienk\u0119, nale\u017cy wzi\u0105\u0107 pod uwag\u0119 kolor armatury?","og_description":"Odpowiedni kolor armatury \u0142azienkowej to wa\u017cny czynnik wp\u0142ywaj\u0105cy na w\u0142a\u015bciwe zaaran\u017cowanie pomieszczenia. Wi\u0119cej na ten temat przeczytasz w naszym tek\u015bcie.","og_url":"https:\/\/marradesign.pl\/blog\/kolor-armatury-lazienkowej-detal-ktory-ma-znaczenie\/","og_site_name":"Marra Design","article_published_time":"2023-05-08T07:05:26+00:00","article_modified_time":"2023-06-21T07:19:27+00:00","og_image":[{"width":1440,"height":858,"url":"https:\/\/marradesign.pl\/blog\/wp-content\/uploads\/2023\/06\/armatura-do-lazienki.jpg","type":"image\/jpeg"}],"author":"admin","twitter_card":"summary_large_image","twitter_misc":{"Napisane przez":"admin","Szacowany czas czytania":"2 minuty"},"schema":{"@context":"https:\/\/schema.org","@graph":[{"@type":"WebPage","@id":"https:\/\/marradesign.pl\/blog\/kolor-armatury-lazienkowej-detal-ktory-ma-znaczenie\/","url":"https:\/\/marradesign.pl\/blog\/kolor-armatury-lazienkowej-detal-ktory-ma-znaczenie\/","name":"Czy urz\u0105dzaj\u0105c \u0142azienk\u0119, nale\u017cy wzi\u0105\u0107 pod uwag\u0119 kolor armatury?","isPartOf":{"@id":"https:\/\/marradesign.pl\/blog\/#website"},"datePublished":"2023-05-08T07:05:26+00:00","dateModified":"2023-06-21T07:19:27+00:00","author":{"@id":"https:\/\/marradesign.pl\/blog\/#\/schema\/person\/57692a86bee7fd53033e4b45469967d8"},"description":"Odpowiedni kolor armatury \u0142azienkowej to wa\u017cny czynnik wp\u0142ywaj\u0105cy na w\u0142a\u015bciwe zaaran\u017cowanie pomieszczenia. Wi\u0119cej na ten temat przeczytasz w naszym tek\u015bcie.","breadcrumb":{"@id":"https:\/\/marradesign.pl\/blog\/kolor-armatury-lazienkowej-detal-ktory-ma-znaczenie\/#breadcrumb"},"inLanguage":"pl-PL","potentialAction":[{"@type":"ReadAction","target":["https:\/\/marradesign.pl\/blog\/kolor-armatury-lazienkowej-detal-ktory-ma-znaczenie\/"]}]},{"@type":"BreadcrumbList","@id":"https:\/\/marradesign.pl\/blog\/kolor-armatury-lazienkowej-detal-ktory-ma-znaczenie\/#breadcrumb","itemListElement":[{"@type":"ListItem","position":1,"name":"Strona g\u0142\u00f3wna","item":"https:\/\/marradesign.pl\/blog\/"},{"@type":"ListItem","position":2,"name":"Kolor armatury \u0142azienkowej \u2013 detal, kt\u00f3ry ma znaczenie"}]},{"@type":"WebSite","@id":"https:\/\/marradesign.pl\/blog\/#website","url":"https:\/\/marradesign.pl\/blog\/","name":"Marra Design","description":"","potentialAction":[{"@type":"SearchAction","target":{"@type":"EntryPoint","urlTemplate":"https:\/\/marradesign.pl\/blog\/?s={search_term_string}"},"query-input":"required name=search_term_string"}],"inLanguage":"pl-PL"},{"@type":"Person","@id":"https:\/\/marradesign.pl\/blog\/#\/schema\/person\/57692a86bee7fd53033e4b45469967d8","name":"admin","image":{"@type":"ImageObject","inLanguage":"pl-PL","@id":"https:\/\/marradesign.pl\/blog\/#\/schema\/person\/image\/","url":"https:\/\/secure.gravatar.com\/avatar\/8ba90f968bb31cbecf6444ed388f8c5bd5d9803a1e56d3674bd89c22985e049d?s=96&d=mm&r=g","contentUrl":"https:\/\/secure.gravatar.com\/avatar\/8ba90f968bb31cbecf6444ed388f8c5bd5d9803a1e56d3674bd89c22985e049d?s=96&d=mm&r=g","caption":"admin"},"sameAs":["https:\/\/marradesign.pl\/blog"],"url":"https:\/\/marradesign.pl\/blog\/author\/admin\/"}]}},"_links":{"self":[{"href":"https:\/\/marradesign.pl\/blog\/wp-json\/wp\/v2\/posts\/103","targetHints":{"allow":["GET"]}}],"collection":[{"href":"https:\/\/marradesign.pl\/blog\/wp-json\/wp\/v2\/posts"}],"about":[{"href":"https:\/\/marradesign.pl\/blog\/wp-json\/wp\/v2\/types\/post"}],"author":[{"embeddable":true,"href":"https:\/\/marradesign.pl\/blog\/wp-json\/wp\/v2\/users\/1"}],"replies":[{"embeddable":true,"href":"https:\/\/marradesign.pl\/blog\/wp-json\/wp\/v2\/comments?post=103"}],"version-history":[{"count":1,"href":"https:\/\/marradesign.pl\/blog\/wp-json\/wp\/v2\/posts\/103\/revisions"}],"predecessor-version":[{"id":105,"href":"https:\/\/marradesign.pl\/blog\/wp-json\/wp\/v2\/posts\/103\/revisions\/105"}],"wp:featuredmedia":[{"embeddable":true,"href":"https:\/\/marradesign.pl\/blog\/wp-json\/wp\/v2\/media\/104"}],"wp:attachment":[{"href":"https:\/\/marradesign.pl\/blog\/wp-json\/wp\/v2\/media?parent=103"}],"wp:term":[{"taxonomy":"category","embeddable":true,"href":"https:\/\/marradesign.pl\/blog\/wp-json\/wp\/v2\/categories?post=103"},{"taxonomy":"post_tag","embeddable":true,"href":"https:\/\/marradesign.pl\/blog\/wp-json\/wp\/v2\/tags?post=103"}],"curies":[{"name":"wp","href":"https:\/\/api.w.org\/{rel}","templated":true}]}}